{"id":6943,"date":"2025-09-26T12:39:27","date_gmt":"2025-09-26T10:39:27","guid":{"rendered":"https:\/\/www.bmp-production.de\/?p=6943"},"modified":"2026-03-10T15:19:28","modified_gmt":"2026-03-10T14:19:28","slug":"gesundheitstag-und-oktoberfest-2025-an-den-hafenterrassen-in-parchim","status":"publish","type":"post","link":"https:\/\/www.bmp-production.de\/en\/gesundheitstag-und-oktoberfest-2025-an-den-hafenterrassen-in-parchim\/","title":{"rendered":"Health&amp;Wellness and Oktoberfest at BMP"},"content":{"rendered":"<p>Am 26. September 2025 hie\u00df es bei BMP: O\u2019zapft is! Das BMP-interne Oktoberfest an den Hafenterrassen in Parchim war ein voller Erfolg \u2013 mit guter Stimmung, Teamgeist und einem abwechslungsreichen Programm f\u00fcr alle Kolleginnen und Kollegen.<\/p>\n\n\n\n<p>The culinary offerings left nothing to be desired: a generous barbecue buffet ensured satisfied faces and provided the perfect setting for many conversations beyond the daily work routine. In a relaxed atmosphere, colleagues laughed together, raised a glass, and celebrated.<\/p>\n\n\n\n<p>Of course, health was also an important focus of the day. The AOK was present with two booths. At the AOK Challenge Disk, employees were able to test their reaction speed and mobility. The coordination screening offered interesting insights into individual physical fitness levels.<\/p>\n\n\n\n<p>Another important program item was the mandatory first-aid course with AED, conducted by our colleague Mr. Riebeling. All employees received training in the use of an automated external defibrillator \u2014 a valuable contribution to workplace safety.<\/p>\n\n\n\n<p>In addition to the culinary and informational activities, there was also plenty of movement. Whether billiards, giant chess, table football, mini golf, or table tennis \u2014 there was playing, laughing, and cheering everywhere.<\/p>\n\n\n\n<p>A special highlight was the beer stein holding competition for both women and men. With great ambition and good humor, participants took on the challenge while the audience provided enthusiastic support.<\/p>\n\n\n\n<p>A shared boat trip on the Elde River provided a special change of pace, offering wonderful views and relaxing moments on the water in late summer weather.<\/p>\n\n\n\n<p>The day was rounded off with an entertaining Oktoberfest quiz, where knowledge of Bavarian traditions, customs, and history was put to the test.<\/p>\n\n\n\n<p>Unser Oktoberfest war ein rundum gelungener Tag voller Teamgeist, Engagement und Gemeinschaft. Solche Veranstaltungen zeigen einmal mehr, wie wichtig der pers\u00f6nliche Austausch und das Miteinander f\u00fcr unser Unternehmen sind.<\/p>\n\n\n\n<figure class=\"wp-block-gallery has-nested-images columns-default is-cropped wp-block-gallery-1 is-layout-flex wp-block-gallery-is-layout-flex\">\n<figure class=\"wp-block-image size-large\"><img fetchpriority=\"high\" decoding=\"async\" width=\"1024\" height=\"892\" data-id=\"6946\" src=\"https:\/\/www.bmp-production.de\/wp-content\/uploads\/2025\/09\/Oktoberfest-2025-2-1024x892.jpg\" alt=\"\" class=\"wp-image-6946\" srcset=\"https:\/\/www.bmp-production.de\/wp-content\/uploads\/2025\/09\/Oktoberfest-2025-2-1024x892.jpg 1024w, https:\/\/www.bmp-production.de\/wp-content\/uploads\/2025\/09\/Oktoberfest-2025-2-300x261.jpg 300w, https:\/\/www.bmp-production.de\/wp-content\/uploads\/2025\/09\/Oktoberfest-2025-2-768x669.jpg 768w, https:\/\/www.bmp-production.de\/wp-content\/uploads\/2025\/09\/Oktoberfest-2025-2-1536x1338.jpg 1536w, https:\/\/www.bmp-production.de\/wp-content\/uploads\/2025\/09\/Oktoberfest-2025-2-14x12.jpg 14w, https:\/\/www.bmp-production.de\/wp-content\/uploads\/2025\/09\/Oktoberfest-2025-2.jpg 1734w\" sizes=\"(max-width: 1024px) 100vw, 1024px\" \/><\/figure>\n\n\n\n<figure class=\"wp-block-image size-large\"><img decoding=\"async\" width=\"1024\" height=\"669\" data-id=\"6945\" src=\"https:\/\/www.bmp-production.de\/wp-content\/uploads\/2025\/09\/Oktoberfest-2025-1-1024x669.jpg\" alt=\"\" class=\"wp-image-6945\" srcset=\"https:\/\/www.bmp-production.de\/wp-content\/uploads\/2025\/09\/Oktoberfest-2025-1-1024x669.jpg 1024w, https:\/\/www.bmp-production.de\/wp-content\/uploads\/2025\/09\/Oktoberfest-2025-1-300x196.jpg 300w, https:\/\/www.bmp-production.de\/wp-content\/uploads\/2025\/09\/Oktoberfest-2025-1-768x502.jpg 768w, https:\/\/www.bmp-production.de\/wp-content\/uploads\/2025\/09\/Oktoberfest-2025-1-1536x1003.jpg 1536w, https:\/\/www.bmp-production.de\/wp-content\/uploads\/2025\/09\/Oktoberfest-2025-1-18x12.jpg 18w, https:\/\/www.bmp-production.de\/wp-content\/uploads\/2025\/09\/Oktoberfest-2025-1.jpg 1715w\" sizes=\"(max-width: 1024px) 100vw, 1024px\" \/><\/figure>\n\n\n\n<figure class=\"wp-block-image size-large\"><img decoding=\"async\" width=\"768\" height=\"1024\" data-id=\"6949\" src=\"https:\/\/www.bmp-production.de\/wp-content\/uploads\/2025\/09\/Oktoberfest-2025-5-768x1024.jpg\" alt=\"\" class=\"wp-image-6949\" srcset=\"https:\/\/www.bmp-production.de\/wp-content\/uploads\/2025\/09\/Oktoberfest-2025-5-768x1024.jpg 768w, https:\/\/www.bmp-production.de\/wp-content\/uploads\/2025\/09\/Oktoberfest-2025-5-225x300.jpg 225w, https:\/\/www.bmp-production.de\/wp-content\/uploads\/2025\/09\/Oktoberfest-2025-5-1152x1536.jpg 1152w, https:\/\/www.bmp-production.de\/wp-content\/uploads\/2025\/09\/Oktoberfest-2025-5-9x12.jpg 9w, https:\/\/www.bmp-production.de\/wp-content\/uploads\/2025\/09\/Oktoberfest-2025-5.jpg 1200w\" sizes=\"(max-width: 768px) 100vw, 768px\" \/><\/figure>\n<\/figure>","protected":false},"excerpt":{"rendered":"<p>Am 26. September 2025 hie\u00df es bei BMP: O\u2019zapft is! Das BMP-interne Oktoberfest an den Hafenterrassen in Parchim war ein voller Erfolg \u2013 mit guter Stimmung, Teamgeist und einem abwechslungsreichen Programm f\u00fcr alle Kolleginnen und Kollegen. F\u00fcr das leibliche Wohl war bestens gesorgt: Ein reichhaltiges Grillbuffet sorgte f\u00fcr zufriedene Gesichter und bot den perfekten Rahmen [&hellip;]<\/p>","protected":false},"author":2,"featured_media":6948,"comment_status":"closed","ping_status":"open","sticky":false,"template":"","format":"standard","meta":{"footnotes":""},"categories":[1],"tags":[],"class_list":["post-6943","post","type-post","status-publish","format-standard","has-post-thumbnail","hentry","category-uncategorized"],"yoast_head":"<!-- This site is optimized with the Yoast SEO plugin v26.8 - https:\/\/yoast.com\/product\/yoast-seo-wordpress\/ -->\n<title>Gesundheitstag und Oktoberfest 2025 an den Hafenterrassen in Parchim - BMP Production GmbH<\/title>\n<meta name=\"robots\" content=\"index, follow, max-snippet:-1, max-image-preview:large, max-video-preview:-1\" \/>\n<link rel=\"canonical\" href=\"https:\/\/www.bmp-production.de\/en\/gesundheitstag-und-oktoberfest-2025-an-den-hafenterrassen-in-parchim\/\" \/>\n<meta property=\"og:locale\" content=\"en_GB\" \/>\n<meta property=\"og:type\" content=\"article\" \/>\n<meta property=\"og:title\" content=\"Gesundheitstag und Oktoberfest 2025 an den Hafenterrassen in Parchim - BMP Production GmbH\" \/>\n<meta property=\"og:description\" content=\"Am 26. September 2025 hie\u00df es bei BMP: O\u2019zapft is! Das BMP-interne Oktoberfest an den Hafenterrassen in Parchim war ein voller Erfolg \u2013 mit guter Stimmung, Teamgeist und einem abwechslungsreichen Programm f\u00fcr alle Kolleginnen und Kollegen. F\u00fcr das leibliche Wohl war bestens gesorgt: Ein reichhaltiges Grillbuffet sorgte f\u00fcr zufriedene Gesichter und bot den perfekten Rahmen [&hellip;]\" \/>\n<meta property=\"og:url\" content=\"https:\/\/www.bmp-production.de\/en\/gesundheitstag-und-oktoberfest-2025-an-den-hafenterrassen-in-parchim\/\" \/>\n<meta property=\"og:site_name\" content=\"BMP Production GmbH\" \/>\n<meta property=\"article:published_time\" content=\"2025-09-26T10:39:27+00:00\" \/>\n<meta property=\"article:modified_time\" content=\"2026-03-10T14:19:28+00:00\" \/>\n<meta property=\"og:image\" content=\"https:\/\/www.bmp-production.de\/wp-content\/uploads\/2025\/09\/Oktoberfest-2025-4-scaled.jpg\" \/>\n\t<meta property=\"og:image:width\" content=\"2560\" \/>\n\t<meta property=\"og:image:height\" content=\"1803\" \/>\n\t<meta property=\"og:image:type\" content=\"image\/jpeg\" \/>\n<meta name=\"author\" content=\"Anett Bohnenberg\" \/>\n<meta name=\"twitter:card\" content=\"summary_large_image\" \/>\n<meta name=\"twitter:label1\" content=\"Written by\" \/>\n\t<meta name=\"twitter:data1\" content=\"Anett Bohnenberg\" \/>\n\t<meta name=\"twitter:label2\" content=\"Estimated reading time\" \/>\n\t<meta name=\"twitter:data2\" content=\"3 minutes\" \/>\n<script type=\"application\/ld+json\" class=\"yoast-schema-graph\">{\"@context\":\"https:\/\/schema.org\",\"@graph\":[{\"@type\":\"Article\",\"@id\":\"https:\/\/www.bmp-production.de\/gesundheitstag-und-oktoberfest-2025-an-den-hafenterrassen-in-parchim\/#article\",\"isPartOf\":{\"@id\":\"https:\/\/www.bmp-production.de\/gesundheitstag-und-oktoberfest-2025-an-den-hafenterrassen-in-parchim\/\"},\"author\":{\"name\":\"Anett Bohnenberg\",\"@id\":\"https:\/\/www.bmp-production.de\/en\/#\/schema\/person\/0e63eab0e86335ab9f532321b7aae94c\"},\"headline\":\"Gesundheitstag und Oktoberfest 2025 an den Hafenterrassen in Parchim\",\"datePublished\":\"2025-09-26T10:39:27+00:00\",\"dateModified\":\"2026-03-10T14:19:28+00:00\",\"mainEntityOfPage\":{\"@id\":\"https:\/\/www.bmp-production.de\/gesundheitstag-und-oktoberfest-2025-an-den-hafenterrassen-in-parchim\/\"},\"wordCount\":308,\"publisher\":{\"@id\":\"https:\/\/www.bmp-production.de\/en\/#organization\"},\"image\":{\"@id\":\"https:\/\/www.bmp-production.de\/gesundheitstag-und-oktoberfest-2025-an-den-hafenterrassen-in-parchim\/#primaryimage\"},\"thumbnailUrl\":\"https:\/\/www.bmp-production.de\/wp-content\/uploads\/2025\/09\/Oktoberfest-2025-4-scaled.jpg\",\"articleSection\":[\"Uncategorized\"],\"inLanguage\":\"en-GB\"},{\"@type\":\"WebPage\",\"@id\":\"https:\/\/www.bmp-production.de\/gesundheitstag-und-oktoberfest-2025-an-den-hafenterrassen-in-parchim\/\",\"url\":\"https:\/\/www.bmp-production.de\/gesundheitstag-und-oktoberfest-2025-an-den-hafenterrassen-in-parchim\/\",\"name\":\"Gesundheitstag und Oktoberfest 2025 an den Hafenterrassen in Parchim - BMP Production GmbH\",\"isPartOf\":{\"@id\":\"https:\/\/www.bmp-production.de\/en\/#website\"},\"primaryImageOfPage\":{\"@id\":\"https:\/\/www.bmp-production.de\/gesundheitstag-und-oktoberfest-2025-an-den-hafenterrassen-in-parchim\/#primaryimage\"},\"image\":{\"@id\":\"https:\/\/www.bmp-production.de\/gesundheitstag-und-oktoberfest-2025-an-den-hafenterrassen-in-parchim\/#primaryimage\"},\"thumbnailUrl\":\"https:\/\/www.bmp-production.de\/wp-content\/uploads\/2025\/09\/Oktoberfest-2025-4-scaled.jpg\",\"datePublished\":\"2025-09-26T10:39:27+00:00\",\"dateModified\":\"2026-03-10T14:19:28+00:00\",\"breadcrumb\":{\"@id\":\"https:\/\/www.bmp-production.de\/gesundheitstag-und-oktoberfest-2025-an-den-hafenterrassen-in-parchim\/#breadcrumb\"},\"inLanguage\":\"en-GB\",\"potentialAction\":[{\"@type\":\"ReadAction\",\"target\":[\"https:\/\/www.bmp-production.de\/gesundheitstag-und-oktoberfest-2025-an-den-hafenterrassen-in-parchim\/\"]}]},{\"@type\":\"ImageObject\",\"inLanguage\":\"en-GB\",\"@id\":\"https:\/\/www.bmp-production.de\/gesundheitstag-und-oktoberfest-2025-an-den-hafenterrassen-in-parchim\/#primaryimage\",\"url\":\"https:\/\/www.bmp-production.de\/wp-content\/uploads\/2025\/09\/Oktoberfest-2025-4-scaled.jpg\",\"contentUrl\":\"https:\/\/www.bmp-production.de\/wp-content\/uploads\/2025\/09\/Oktoberfest-2025-4-scaled.jpg\",\"width\":2560,\"height\":1803},{\"@type\":\"BreadcrumbList\",\"@id\":\"https:\/\/www.bmp-production.de\/gesundheitstag-und-oktoberfest-2025-an-den-hafenterrassen-in-parchim\/#breadcrumb\",\"itemListElement\":[{\"@type\":\"ListItem\",\"position\":1,\"name\":\"Startseite\",\"item\":\"https:\/\/www.bmp-production.de\/en\/\"},{\"@type\":\"ListItem\",\"position\":2,\"name\":\"Gesundheitstag und Oktoberfest 2025 an den Hafenterrassen in Parchim\"}]},{\"@type\":\"WebSite\",\"@id\":\"https:\/\/www.bmp-production.de\/en\/#website\",\"url\":\"https:\/\/www.bmp-production.de\/en\/\",\"name\":\"BMP Production GmbH\",\"description\":\"Lohnhersteller f\u00fcr Pharma &amp; Lebensmittel\",\"publisher\":{\"@id\":\"https:\/\/www.bmp-production.de\/en\/#organization\"},\"potentialAction\":[{\"@type\":\"SearchAction\",\"target\":{\"@type\":\"EntryPoint\",\"urlTemplate\":\"https:\/\/www.bmp-production.de\/en\/?s={search_term_string}\"},\"query-input\":{\"@type\":\"PropertyValueSpecification\",\"valueRequired\":true,\"valueName\":\"search_term_string\"}}],\"inLanguage\":\"en-GB\"},{\"@type\":\"Organization\",\"@id\":\"https:\/\/www.bmp-production.de\/en\/#organization\",\"name\":\"BMP Production GmbH\",\"url\":\"https:\/\/www.bmp-production.de\/en\/\",\"logo\":{\"@type\":\"ImageObject\",\"inLanguage\":\"en-GB\",\"@id\":\"https:\/\/www.bmp-production.de\/en\/#\/schema\/logo\/image\/\",\"url\":\"http:\/\/bmptest.30-jahre-bmp.de\/wp-content\/uploads\/2023\/06\/BMP_Production_Logo_Pos_RGB_600px.png\",\"contentUrl\":\"http:\/\/bmptest.30-jahre-bmp.de\/wp-content\/uploads\/2023\/06\/BMP_Production_Logo_Pos_RGB_600px.png\",\"width\":600,\"height\":213,\"caption\":\"BMP Production GmbH\"},\"image\":{\"@id\":\"https:\/\/www.bmp-production.de\/en\/#\/schema\/logo\/image\/\"}},{\"@type\":\"Person\",\"@id\":\"https:\/\/www.bmp-production.de\/en\/#\/schema\/person\/0e63eab0e86335ab9f532321b7aae94c\",\"name\":\"Anett Bohnenberg\",\"image\":{\"@type\":\"ImageObject\",\"inLanguage\":\"en-GB\",\"@id\":\"https:\/\/www.bmp-production.de\/en\/#\/schema\/person\/image\/\",\"url\":\"https:\/\/secure.gravatar.com\/avatar\/cd6f1365f7ef3264a44bcf950d62fcc58697a396e95174c3411730b408ea1fb0?s=96&d=mm&r=g\",\"contentUrl\":\"https:\/\/secure.gravatar.com\/avatar\/cd6f1365f7ef3264a44bcf950d62fcc58697a396e95174c3411730b408ea1fb0?s=96&d=mm&r=g\",\"caption\":\"Anett Bohnenberg\"},\"url\":\"https:\/\/www.bmp-production.de\/en\/author\/anett-bohnenberg\/\"}]}<\/script>\n<!-- \/ Yoast SEO plugin. -->","yoast_head_json":{"title":"Gesundheitstag und Oktoberfest 2025 an den Hafenterrassen in Parchim - BMP Production GmbH","robots":{"index":"index","follow":"follow","max-snippet":"max-snippet:-1","max-image-preview":"max-image-preview:large","max-video-preview":"max-video-preview:-1"},"canonical":"https:\/\/www.bmp-production.de\/en\/gesundheitstag-und-oktoberfest-2025-an-den-hafenterrassen-in-parchim\/","og_locale":"en_GB","og_type":"article","og_title":"Gesundheitstag und Oktoberfest 2025 an den Hafenterrassen in Parchim - BMP Production GmbH","og_description":"Am 26. September 2025 hie\u00df es bei BMP: O\u2019zapft is! Das BMP-interne Oktoberfest an den Hafenterrassen in Parchim war ein voller Erfolg \u2013 mit guter Stimmung, Teamgeist und einem abwechslungsreichen Programm f\u00fcr alle Kolleginnen und Kollegen. F\u00fcr das leibliche Wohl war bestens gesorgt: Ein reichhaltiges Grillbuffet sorgte f\u00fcr zufriedene Gesichter und bot den perfekten Rahmen [&hellip;]","og_url":"https:\/\/www.bmp-production.de\/en\/gesundheitstag-und-oktoberfest-2025-an-den-hafenterrassen-in-parchim\/","og_site_name":"BMP Production GmbH","article_published_time":"2025-09-26T10:39:27+00:00","article_modified_time":"2026-03-10T14:19:28+00:00","og_image":[{"width":2560,"height":1803,"url":"https:\/\/www.bmp-production.de\/wp-content\/uploads\/2025\/09\/Oktoberfest-2025-4-scaled.jpg","type":"image\/jpeg"}],"author":"Anett Bohnenberg","twitter_card":"summary_large_image","twitter_misc":{"Written by":"Anett Bohnenberg","Estimated reading time":"3 minutes"},"schema":{"@context":"https:\/\/schema.org","@graph":[{"@type":"Article","@id":"https:\/\/www.bmp-production.de\/gesundheitstag-und-oktoberfest-2025-an-den-hafenterrassen-in-parchim\/#article","isPartOf":{"@id":"https:\/\/www.bmp-production.de\/gesundheitstag-und-oktoberfest-2025-an-den-hafenterrassen-in-parchim\/"},"author":{"name":"Anett Bohnenberg","@id":"https:\/\/www.bmp-production.de\/en\/#\/schema\/person\/0e63eab0e86335ab9f532321b7aae94c"},"headline":"Gesundheitstag und Oktoberfest 2025 an den Hafenterrassen in Parchim","datePublished":"2025-09-26T10:39:27+00:00","dateModified":"2026-03-10T14:19:28+00:00","mainEntityOfPage":{"@id":"https:\/\/www.bmp-production.de\/gesundheitstag-und-oktoberfest-2025-an-den-hafenterrassen-in-parchim\/"},"wordCount":308,"publisher":{"@id":"https:\/\/www.bmp-production.de\/en\/#organization"},"image":{"@id":"https:\/\/www.bmp-production.de\/gesundheitstag-und-oktoberfest-2025-an-den-hafenterrassen-in-parchim\/#primaryimage"},"thumbnailUrl":"https:\/\/www.bmp-production.de\/wp-content\/uploads\/2025\/09\/Oktoberfest-2025-4-scaled.jpg","articleSection":["Uncategorized"],"inLanguage":"en-GB"},{"@type":"WebPage","@id":"https:\/\/www.bmp-production.de\/gesundheitstag-und-oktoberfest-2025-an-den-hafenterrassen-in-parchim\/","url":"https:\/\/www.bmp-production.de\/gesundheitstag-und-oktoberfest-2025-an-den-hafenterrassen-in-parchim\/","name":"Gesundheitstag und Oktoberfest 2025 an den Hafenterrassen in Parchim - BMP Production GmbH","isPartOf":{"@id":"https:\/\/www.bmp-production.de\/en\/#website"},"primaryImageOfPage":{"@id":"https:\/\/www.bmp-production.de\/gesundheitstag-und-oktoberfest-2025-an-den-hafenterrassen-in-parchim\/#primaryimage"},"image":{"@id":"https:\/\/www.bmp-production.de\/gesundheitstag-und-oktoberfest-2025-an-den-hafenterrassen-in-parchim\/#primaryimage"},"thumbnailUrl":"https:\/\/www.bmp-production.de\/wp-content\/uploads\/2025\/09\/Oktoberfest-2025-4-scaled.jpg","datePublished":"2025-09-26T10:39:27+00:00","dateModified":"2026-03-10T14:19:28+00:00","breadcrumb":{"@id":"https:\/\/www.bmp-production.de\/gesundheitstag-und-oktoberfest-2025-an-den-hafenterrassen-in-parchim\/#breadcrumb"},"inLanguage":"en-GB","potentialAction":[{"@type":"ReadAction","target":["https:\/\/www.bmp-production.de\/gesundheitstag-und-oktoberfest-2025-an-den-hafenterrassen-in-parchim\/"]}]},{"@type":"ImageObject","inLanguage":"en-GB","@id":"https:\/\/www.bmp-production.de\/gesundheitstag-und-oktoberfest-2025-an-den-hafenterrassen-in-parchim\/#primaryimage","url":"https:\/\/www.bmp-production.de\/wp-content\/uploads\/2025\/09\/Oktoberfest-2025-4-scaled.jpg","contentUrl":"https:\/\/www.bmp-production.de\/wp-content\/uploads\/2025\/09\/Oktoberfest-2025-4-scaled.jpg","width":2560,"height":1803},{"@type":"BreadcrumbList","@id":"https:\/\/www.bmp-production.de\/gesundheitstag-und-oktoberfest-2025-an-den-hafenterrassen-in-parchim\/#breadcrumb","itemListElement":[{"@type":"ListItem","position":1,"name":"Startseite","item":"https:\/\/www.bmp-production.de\/en\/"},{"@type":"ListItem","position":2,"name":"Gesundheitstag und Oktoberfest 2025 an den Hafenterrassen in Parchim"}]},{"@type":"WebSite","@id":"https:\/\/www.bmp-production.de\/en\/#website","url":"https:\/\/www.bmp-production.de\/en\/","name":"BMP Production GmbH","description":"Lohnhersteller f\u00fcr Pharma &amp; Lebensmittel","publisher":{"@id":"https:\/\/www.bmp-production.de\/en\/#organization"},"potentialAction":[{"@type":"SearchAction","target":{"@type":"EntryPoint","urlTemplate":"https:\/\/www.bmp-production.de\/en\/?s={search_term_string}"},"query-input":{"@type":"PropertyValueSpecification","valueRequired":true,"valueName":"search_term_string"}}],"inLanguage":"en-GB"},{"@type":"Organization","@id":"https:\/\/www.bmp-production.de\/en\/#organization","name":"BMP Production GmbH","url":"https:\/\/www.bmp-production.de\/en\/","logo":{"@type":"ImageObject","inLanguage":"en-GB","@id":"https:\/\/www.bmp-production.de\/en\/#\/schema\/logo\/image\/","url":"http:\/\/bmptest.30-jahre-bmp.de\/wp-content\/uploads\/2023\/06\/BMP_Production_Logo_Pos_RGB_600px.png","contentUrl":"http:\/\/bmptest.30-jahre-bmp.de\/wp-content\/uploads\/2023\/06\/BMP_Production_Logo_Pos_RGB_600px.png","width":600,"height":213,"caption":"BMP Production GmbH"},"image":{"@id":"https:\/\/www.bmp-production.de\/en\/#\/schema\/logo\/image\/"}},{"@type":"Person","@id":"https:\/\/www.bmp-production.de\/en\/#\/schema\/person\/0e63eab0e86335ab9f532321b7aae94c","name":"Anett Bohnenberg","image":{"@type":"ImageObject","inLanguage":"en-GB","@id":"https:\/\/www.bmp-production.de\/en\/#\/schema\/person\/image\/","url":"https:\/\/secure.gravatar.com\/avatar\/cd6f1365f7ef3264a44bcf950d62fcc58697a396e95174c3411730b408ea1fb0?s=96&d=mm&r=g","contentUrl":"https:\/\/secure.gravatar.com\/avatar\/cd6f1365f7ef3264a44bcf950d62fcc58697a396e95174c3411730b408ea1fb0?s=96&d=mm&r=g","caption":"Anett Bohnenberg"},"url":"https:\/\/www.bmp-production.de\/en\/author\/anett-bohnenberg\/"}]}},"_links":{"self":[{"href":"https:\/\/www.bmp-production.de\/en\/wp-json\/wp\/v2\/posts\/6943","targetHints":{"allow":["GET"]}}],"collection":[{"href":"https:\/\/www.bmp-production.de\/en\/wp-json\/wp\/v2\/posts"}],"about":[{"href":"https:\/\/www.bmp-production.de\/en\/wp-json\/wp\/v2\/types\/post"}],"author":[{"embeddable":true,"href":"https:\/\/www.bmp-production.de\/en\/wp-json\/wp\/v2\/users\/2"}],"replies":[{"embeddable":true,"href":"https:\/\/www.bmp-production.de\/en\/wp-json\/wp\/v2\/comments?post=6943"}],"version-history":[{"count":3,"href":"https:\/\/www.bmp-production.de\/en\/wp-json\/wp\/v2\/posts\/6943\/revisions"}],"predecessor-version":[{"id":6977,"href":"https:\/\/www.bmp-production.de\/en\/wp-json\/wp\/v2\/posts\/6943\/revisions\/6977"}],"wp:featuredmedia":[{"embeddable":true,"href":"https:\/\/www.bmp-production.de\/en\/wp-json\/wp\/v2\/media\/6948"}],"wp:attachment":[{"href":"https:\/\/www.bmp-production.de\/en\/wp-json\/wp\/v2\/media?parent=6943"}],"wp:term":[{"taxonomy":"category","embeddable":true,"href":"https:\/\/www.bmp-production.de\/en\/wp-json\/wp\/v2\/categories?post=6943"},{"taxonomy":"post_tag","embeddable":true,"href":"https:\/\/www.bmp-production.de\/en\/wp-json\/wp\/v2\/tags?post=6943"}],"curies":[{"name":"wp","href":"https:\/\/api.w.org\/{rel}","templated":true}]}}