{"id":6730,"date":"2024-09-12T09:04:00","date_gmt":"2024-09-12T07:04:00","guid":{"rendered":"https:\/\/www.bmp-production.de\/?p=6730"},"modified":"2026-03-10T10:28:37","modified_gmt":"2026-03-10T09:28:37","slug":"ehrung-als-foerderer-der-parchimer-feuerwehren","status":"publish","type":"post","link":"https:\/\/www.bmp-production.de\/en\/ehrung-als-foerderer-der-parchimer-feuerwehren\/","title":{"rendered":"Honor as a sponsor of the Parchim fire departments"},"content":{"rendered":"<p>The surprise was a big success. On the birthday of our managing director Ingo K\u00fcster, the Parchim fire department honored BMP as a sponsor of the Parchim fire departments. Arriving with one of the big fire engine trucks, an honorary delegation burst into the celebrations for his birthday. The district fire chief Uwe Puls and the fire chief Maik Kostecki presented Ingo K\u00fcster with a certificate and a plaque of honor on behalf of the BMP.<\/p>\n\n\n\n<p>\u201cI feel honoured to receive this award for our partnership. It shows how well cooperation between companies and regional authorities in the city of Parchim can work. We will find a place of honor for this award.\u201d<\/p>\n\n\n\n<figure class=\"wp-block-image size-full\"><img fetchpriority=\"high\" decoding=\"async\" width=\"560\" height=\"700\" src=\"http:\/\/bmptest.30-jahre-bmp.de\/wp-content\/uploads\/2025\/09\/240909_BMP_Feuerwehr-Parchim.webp\" alt=\"\" class=\"wp-image-6801\" srcset=\"https:\/\/www.bmp-production.de\/wp-content\/uploads\/2025\/09\/240909_BMP_Feuerwehr-Parchim.webp 560w, https:\/\/www.bmp-production.de\/wp-content\/uploads\/2025\/09\/240909_BMP_Feuerwehr-Parchim-240x300.webp 240w, https:\/\/www.bmp-production.de\/wp-content\/uploads\/2025\/09\/240909_BMP_Feuerwehr-Parchim-10x12.webp 10w\" sizes=\"(max-width: 560px) 100vw, 560px\" \/><\/figure>","protected":false},"excerpt":{"rendered":"<p>Die \u00dcberraschung ist gelungen. Zum Geburtstag des Gesch\u00e4ftsf\u00fchrers Ingo K\u00fcster hat die Feuerwehr Parchim BMP als F\u00f6rderer der Parchimer Feuerwehren ausgezeichnet. Mit gro\u00dfem Auftritt und im L\u00f6schzug anfahrend platzte eine Ehrendelegation in die Feierlichkeiten zu seinem Geburtstag. Der Kreiswehrf\u00fchrer Uwe Puls und der Wehrf\u00fchrer Maik Kostecki \u00fcberreichten Ingo K\u00fcster f\u00fcr die BMP eine Urkunde und [&hellip;]<\/p>","protected":false},"author":1,"featured_media":6852,"comment_status":"closed","ping_status":"open","sticky":false,"template":"","format":"standard","meta":{"footnotes":""},"categories":[1],"tags":[11,15,60,16,23],"class_list":["post-6730","post","type-post","status-publish","format-standard","has-post-thumbnail","hentry","category-uncategorized","tag-bmp","tag-feuerwehr","tag-lohnhersteller","tag-parchim","tag-partnerschaft"],"yoast_head":"<!-- This site is optimized with the Yoast SEO plugin v26.8 - https:\/\/yoast.com\/product\/yoast-seo-wordpress\/ -->\n<title>Ehrung als F\u00f6rderer der Parchimer Feuerwehren - BMP Production GmbH<\/title>\n<meta name=\"robots\" content=\"index, follow, max-snippet:-1, max-image-preview:large, max-video-preview:-1\" \/>\n<link rel=\"canonical\" href=\"https:\/\/www.bmp-production.de\/en\/ehrung-als-foerderer-der-parchimer-feuerwehren\/\" \/>\n<meta property=\"og:locale\" content=\"en_GB\" \/>\n<meta property=\"og:type\" content=\"article\" \/>\n<meta property=\"og:title\" content=\"Ehrung als F\u00f6rderer der Parchimer Feuerwehren - BMP Production GmbH\" \/>\n<meta property=\"og:description\" content=\"Die \u00dcberraschung ist gelungen. Zum Geburtstag des Gesch\u00e4ftsf\u00fchrers Ingo K\u00fcster hat die Feuerwehr Parchim BMP als F\u00f6rderer der Parchimer Feuerwehren ausgezeichnet. Mit gro\u00dfem Auftritt und im L\u00f6schzug anfahrend platzte eine Ehrendelegation in die Feierlichkeiten zu seinem Geburtstag. Der Kreiswehrf\u00fchrer Uwe Puls und der Wehrf\u00fchrer Maik Kostecki \u00fcberreichten Ingo K\u00fcster f\u00fcr die BMP eine Urkunde und [&hellip;]\" \/>\n<meta property=\"og:url\" content=\"https:\/\/www.bmp-production.de\/en\/ehrung-als-foerderer-der-parchimer-feuerwehren\/\" \/>\n<meta property=\"og:site_name\" content=\"BMP Production GmbH\" \/>\n<meta property=\"article:published_time\" content=\"2024-09-12T07:04:00+00:00\" \/>\n<meta property=\"article:modified_time\" content=\"2026-03-10T09:28:37+00:00\" \/>\n<meta property=\"og:image\" content=\"https:\/\/www.bmp-production.de\/wp-content\/uploads\/2025\/09\/Collage-Ehrung.jpg\" \/>\n\t<meta property=\"og:image:width\" content=\"651\" \/>\n\t<meta property=\"og:image:height\" content=\"374\" \/>\n\t<meta property=\"og:image:type\" content=\"image\/jpeg\" \/>\n<meta name=\"author\" content=\"CReimer\" \/>\n<meta name=\"twitter:card\" content=\"summary_large_image\" \/>\n<meta name=\"twitter:label1\" content=\"Written by\" \/>\n\t<meta name=\"twitter:data1\" content=\"CReimer\" \/>\n\t<meta name=\"twitter:label2\" content=\"Estimated reading time\" \/>\n\t<meta name=\"twitter:data2\" content=\"1 minute\" \/>\n<script type=\"application\/ld+json\" class=\"yoast-schema-graph\">{\"@context\":\"https:\/\/schema.org\",\"@graph\":[{\"@type\":\"Article\",\"@id\":\"https:\/\/www.bmp-production.de\/ehrung-als-foerderer-der-parchimer-feuerwehren\/#article\",\"isPartOf\":{\"@id\":\"https:\/\/www.bmp-production.de\/ehrung-als-foerderer-der-parchimer-feuerwehren\/\"},\"author\":{\"name\":\"CReimer\",\"@id\":\"https:\/\/www.bmp-production.de\/en\/#\/schema\/person\/9a587aa85c08d5a99ee4c1347fbd4dba\"},\"headline\":\"Ehrung als F\u00f6rderer der Parchimer Feuerwehren\",\"datePublished\":\"2024-09-12T07:04:00+00:00\",\"dateModified\":\"2026-03-10T09:28:37+00:00\",\"mainEntityOfPage\":{\"@id\":\"https:\/\/www.bmp-production.de\/ehrung-als-foerderer-der-parchimer-feuerwehren\/\"},\"wordCount\":113,\"publisher\":{\"@id\":\"https:\/\/www.bmp-production.de\/en\/#organization\"},\"image\":{\"@id\":\"https:\/\/www.bmp-production.de\/ehrung-als-foerderer-der-parchimer-feuerwehren\/#primaryimage\"},\"thumbnailUrl\":\"https:\/\/www.bmp-production.de\/wp-content\/uploads\/2025\/09\/Collage-Ehrung.jpg\",\"keywords\":[\"BMP\",\"Feuerwehr\",\"Lohnhersteller\",\"Parchim\",\"Partnerschaft\"],\"articleSection\":[\"Uncategorized\"],\"inLanguage\":\"en-GB\"},{\"@type\":\"WebPage\",\"@id\":\"https:\/\/www.bmp-production.de\/ehrung-als-foerderer-der-parchimer-feuerwehren\/\",\"url\":\"https:\/\/www.bmp-production.de\/ehrung-als-foerderer-der-parchimer-feuerwehren\/\",\"name\":\"Ehrung als F\u00f6rderer der Parchimer Feuerwehren - BMP Production GmbH\",\"isPartOf\":{\"@id\":\"https:\/\/www.bmp-production.de\/en\/#website\"},\"primaryImageOfPage\":{\"@id\":\"https:\/\/www.bmp-production.de\/ehrung-als-foerderer-der-parchimer-feuerwehren\/#primaryimage\"},\"image\":{\"@id\":\"https:\/\/www.bmp-production.de\/ehrung-als-foerderer-der-parchimer-feuerwehren\/#primaryimage\"},\"thumbnailUrl\":\"https:\/\/www.bmp-production.de\/wp-content\/uploads\/2025\/09\/Collage-Ehrung.jpg\",\"datePublished\":\"2024-09-12T07:04:00+00:00\",\"dateModified\":\"2026-03-10T09:28:37+00:00\",\"breadcrumb\":{\"@id\":\"https:\/\/www.bmp-production.de\/ehrung-als-foerderer-der-parchimer-feuerwehren\/#breadcrumb\"},\"inLanguage\":\"en-GB\",\"potentialAction\":[{\"@type\":\"ReadAction\",\"target\":[\"https:\/\/www.bmp-production.de\/ehrung-als-foerderer-der-parchimer-feuerwehren\/\"]}]},{\"@type\":\"ImageObject\",\"inLanguage\":\"en-GB\",\"@id\":\"https:\/\/www.bmp-production.de\/ehrung-als-foerderer-der-parchimer-feuerwehren\/#primaryimage\",\"url\":\"https:\/\/www.bmp-production.de\/wp-content\/uploads\/2025\/09\/Collage-Ehrung.jpg\",\"contentUrl\":\"https:\/\/www.bmp-production.de\/wp-content\/uploads\/2025\/09\/Collage-Ehrung.jpg\",\"width\":651,\"height\":374},{\"@type\":\"BreadcrumbList\",\"@id\":\"https:\/\/www.bmp-production.de\/ehrung-als-foerderer-der-parchimer-feuerwehren\/#breadcrumb\",\"itemListElement\":[{\"@type\":\"ListItem\",\"position\":1,\"name\":\"Startseite\",\"item\":\"https:\/\/www.bmp-production.de\/en\/\"},{\"@type\":\"ListItem\",\"position\":2,\"name\":\"Ehrung als F\u00f6rderer der Parchimer Feuerwehren\"}]},{\"@type\":\"WebSite\",\"@id\":\"https:\/\/www.bmp-production.de\/en\/#website\",\"url\":\"https:\/\/www.bmp-production.de\/en\/\",\"name\":\"BMP Production GmbH\",\"description\":\"Lohnhersteller f\u00fcr Pharma &amp; Lebensmittel\",\"publisher\":{\"@id\":\"https:\/\/www.bmp-production.de\/en\/#organization\"},\"potentialAction\":[{\"@type\":\"SearchAction\",\"target\":{\"@type\":\"EntryPoint\",\"urlTemplate\":\"https:\/\/www.bmp-production.de\/en\/?s={search_term_string}\"},\"query-input\":{\"@type\":\"PropertyValueSpecification\",\"valueRequired\":true,\"valueName\":\"search_term_string\"}}],\"inLanguage\":\"en-GB\"},{\"@type\":\"Organization\",\"@id\":\"https:\/\/www.bmp-production.de\/en\/#organization\",\"name\":\"BMP Production GmbH\",\"url\":\"https:\/\/www.bmp-production.de\/en\/\",\"logo\":{\"@type\":\"ImageObject\",\"inLanguage\":\"en-GB\",\"@id\":\"https:\/\/www.bmp-production.de\/en\/#\/schema\/logo\/image\/\",\"url\":\"http:\/\/bmptest.30-jahre-bmp.de\/wp-content\/uploads\/2023\/06\/BMP_Production_Logo_Pos_RGB_600px.png\",\"contentUrl\":\"http:\/\/bmptest.30-jahre-bmp.de\/wp-content\/uploads\/2023\/06\/BMP_Production_Logo_Pos_RGB_600px.png\",\"width\":600,\"height\":213,\"caption\":\"BMP Production GmbH\"},\"image\":{\"@id\":\"https:\/\/www.bmp-production.de\/en\/#\/schema\/logo\/image\/\"}},{\"@type\":\"Person\",\"@id\":\"https:\/\/www.bmp-production.de\/en\/#\/schema\/person\/9a587aa85c08d5a99ee4c1347fbd4dba\",\"name\":\"CReimer\",\"image\":{\"@type\":\"ImageObject\",\"inLanguage\":\"en-GB\",\"@id\":\"https:\/\/www.bmp-production.de\/en\/#\/schema\/person\/image\/\",\"url\":\"https:\/\/secure.gravatar.com\/avatar\/a9327c1476d4829c60264b9b0b4582050852225e4fd9bc3968fc79f0e4a033cf?s=96&d=mm&r=g\",\"contentUrl\":\"https:\/\/secure.gravatar.com\/avatar\/a9327c1476d4829c60264b9b0b4582050852225e4fd9bc3968fc79f0e4a033cf?s=96&d=mm&r=g\",\"caption\":\"CReimer\"},\"sameAs\":[\"http:\/\/bmptest.30-jahre-bmp.de\"],\"url\":\"https:\/\/www.bmp-production.de\/en\/author\/creimer\/\"}]}<\/script>\n<!-- \/ Yoast SEO plugin. -->","yoast_head_json":{"title":"Ehrung als F\u00f6rderer der Parchimer Feuerwehren - BMP Production GmbH","robots":{"index":"index","follow":"follow","max-snippet":"max-snippet:-1","max-image-preview":"max-image-preview:large","max-video-preview":"max-video-preview:-1"},"canonical":"https:\/\/www.bmp-production.de\/en\/ehrung-als-foerderer-der-parchimer-feuerwehren\/","og_locale":"en_GB","og_type":"article","og_title":"Ehrung als F\u00f6rderer der Parchimer Feuerwehren - BMP Production GmbH","og_description":"Die \u00dcberraschung ist gelungen. Zum Geburtstag des Gesch\u00e4ftsf\u00fchrers Ingo K\u00fcster hat die Feuerwehr Parchim BMP als F\u00f6rderer der Parchimer Feuerwehren ausgezeichnet. Mit gro\u00dfem Auftritt und im L\u00f6schzug anfahrend platzte eine Ehrendelegation in die Feierlichkeiten zu seinem Geburtstag. Der Kreiswehrf\u00fchrer Uwe Puls und der Wehrf\u00fchrer Maik Kostecki \u00fcberreichten Ingo K\u00fcster f\u00fcr die BMP eine Urkunde und [&hellip;]","og_url":"https:\/\/www.bmp-production.de\/en\/ehrung-als-foerderer-der-parchimer-feuerwehren\/","og_site_name":"BMP Production GmbH","article_published_time":"2024-09-12T07:04:00+00:00","article_modified_time":"2026-03-10T09:28:37+00:00","og_image":[{"width":651,"height":374,"url":"https:\/\/www.bmp-production.de\/wp-content\/uploads\/2025\/09\/Collage-Ehrung.jpg","type":"image\/jpeg"}],"author":"CReimer","twitter_card":"summary_large_image","twitter_misc":{"Written by":"CReimer","Estimated reading time":"1 minute"},"schema":{"@context":"https:\/\/schema.org","@graph":[{"@type":"Article","@id":"https:\/\/www.bmp-production.de\/ehrung-als-foerderer-der-parchimer-feuerwehren\/#article","isPartOf":{"@id":"https:\/\/www.bmp-production.de\/ehrung-als-foerderer-der-parchimer-feuerwehren\/"},"author":{"name":"CReimer","@id":"https:\/\/www.bmp-production.de\/en\/#\/schema\/person\/9a587aa85c08d5a99ee4c1347fbd4dba"},"headline":"Ehrung als F\u00f6rderer der Parchimer Feuerwehren","datePublished":"2024-09-12T07:04:00+00:00","dateModified":"2026-03-10T09:28:37+00:00","mainEntityOfPage":{"@id":"https:\/\/www.bmp-production.de\/ehrung-als-foerderer-der-parchimer-feuerwehren\/"},"wordCount":113,"publisher":{"@id":"https:\/\/www.bmp-production.de\/en\/#organization"},"image":{"@id":"https:\/\/www.bmp-production.de\/ehrung-als-foerderer-der-parchimer-feuerwehren\/#primaryimage"},"thumbnailUrl":"https:\/\/www.bmp-production.de\/wp-content\/uploads\/2025\/09\/Collage-Ehrung.jpg","keywords":["BMP","Feuerwehr","Lohnhersteller","Parchim","Partnerschaft"],"articleSection":["Uncategorized"],"inLanguage":"en-GB"},{"@type":"WebPage","@id":"https:\/\/www.bmp-production.de\/ehrung-als-foerderer-der-parchimer-feuerwehren\/","url":"https:\/\/www.bmp-production.de\/ehrung-als-foerderer-der-parchimer-feuerwehren\/","name":"Ehrung als F\u00f6rderer der Parchimer Feuerwehren - BMP Production GmbH","isPartOf":{"@id":"https:\/\/www.bmp-production.de\/en\/#website"},"primaryImageOfPage":{"@id":"https:\/\/www.bmp-production.de\/ehrung-als-foerderer-der-parchimer-feuerwehren\/#primaryimage"},"image":{"@id":"https:\/\/www.bmp-production.de\/ehrung-als-foerderer-der-parchimer-feuerwehren\/#primaryimage"},"thumbnailUrl":"https:\/\/www.bmp-production.de\/wp-content\/uploads\/2025\/09\/Collage-Ehrung.jpg","datePublished":"2024-09-12T07:04:00+00:00","dateModified":"2026-03-10T09:28:37+00:00","breadcrumb":{"@id":"https:\/\/www.bmp-production.de\/ehrung-als-foerderer-der-parchimer-feuerwehren\/#breadcrumb"},"inLanguage":"en-GB","potentialAction":[{"@type":"ReadAction","target":["https:\/\/www.bmp-production.de\/ehrung-als-foerderer-der-parchimer-feuerwehren\/"]}]},{"@type":"ImageObject","inLanguage":"en-GB","@id":"https:\/\/www.bmp-production.de\/ehrung-als-foerderer-der-parchimer-feuerwehren\/#primaryimage","url":"https:\/\/www.bmp-production.de\/wp-content\/uploads\/2025\/09\/Collage-Ehrung.jpg","contentUrl":"https:\/\/www.bmp-production.de\/wp-content\/uploads\/2025\/09\/Collage-Ehrung.jpg","width":651,"height":374},{"@type":"BreadcrumbList","@id":"https:\/\/www.bmp-production.de\/ehrung-als-foerderer-der-parchimer-feuerwehren\/#breadcrumb","itemListElement":[{"@type":"ListItem","position":1,"name":"Startseite","item":"https:\/\/www.bmp-production.de\/en\/"},{"@type":"ListItem","position":2,"name":"Ehrung als F\u00f6rderer der Parchimer Feuerwehren"}]},{"@type":"WebSite","@id":"https:\/\/www.bmp-production.de\/en\/#website","url":"https:\/\/www.bmp-production.de\/en\/","name":"BMP Production GmbH","description":"Lohnhersteller f\u00fcr Pharma &amp; Lebensmittel","publisher":{"@id":"https:\/\/www.bmp-production.de\/en\/#organization"},"potentialAction":[{"@type":"SearchAction","target":{"@type":"EntryPoint","urlTemplate":"https:\/\/www.bmp-production.de\/en\/?s={search_term_string}"},"query-input":{"@type":"PropertyValueSpecification","valueRequired":true,"valueName":"search_term_string"}}],"inLanguage":"en-GB"},{"@type":"Organization","@id":"https:\/\/www.bmp-production.de\/en\/#organization","name":"BMP Production GmbH","url":"https:\/\/www.bmp-production.de\/en\/","logo":{"@type":"ImageObject","inLanguage":"en-GB","@id":"https:\/\/www.bmp-production.de\/en\/#\/schema\/logo\/image\/","url":"http:\/\/bmptest.30-jahre-bmp.de\/wp-content\/uploads\/2023\/06\/BMP_Production_Logo_Pos_RGB_600px.png","contentUrl":"http:\/\/bmptest.30-jahre-bmp.de\/wp-content\/uploads\/2023\/06\/BMP_Production_Logo_Pos_RGB_600px.png","width":600,"height":213,"caption":"BMP Production GmbH"},"image":{"@id":"https:\/\/www.bmp-production.de\/en\/#\/schema\/logo\/image\/"}},{"@type":"Person","@id":"https:\/\/www.bmp-production.de\/en\/#\/schema\/person\/9a587aa85c08d5a99ee4c1347fbd4dba","name":"CReimer","image":{"@type":"ImageObject","inLanguage":"en-GB","@id":"https:\/\/www.bmp-production.de\/en\/#\/schema\/person\/image\/","url":"https:\/\/secure.gravatar.com\/avatar\/a9327c1476d4829c60264b9b0b4582050852225e4fd9bc3968fc79f0e4a033cf?s=96&d=mm&r=g","contentUrl":"https:\/\/secure.gravatar.com\/avatar\/a9327c1476d4829c60264b9b0b4582050852225e4fd9bc3968fc79f0e4a033cf?s=96&d=mm&r=g","caption":"CReimer"},"sameAs":["http:\/\/bmptest.30-jahre-bmp.de"],"url":"https:\/\/www.bmp-production.de\/en\/author\/creimer\/"}]}},"_links":{"self":[{"href":"https:\/\/www.bmp-production.de\/en\/wp-json\/wp\/v2\/posts\/6730","targetHints":{"allow":["GET"]}}],"collection":[{"href":"https:\/\/www.bmp-production.de\/en\/wp-json\/wp\/v2\/posts"}],"about":[{"href":"https:\/\/www.bmp-production.de\/en\/wp-json\/wp\/v2\/types\/post"}],"author":[{"embeddable":true,"href":"https:\/\/www.bmp-production.de\/en\/wp-json\/wp\/v2\/users\/1"}],"replies":[{"embeddable":true,"href":"https:\/\/www.bmp-production.de\/en\/wp-json\/wp\/v2\/comments?post=6730"}],"version-history":[{"count":2,"href":"https:\/\/www.bmp-production.de\/en\/wp-json\/wp\/v2\/posts\/6730\/revisions"}],"predecessor-version":[{"id":6853,"href":"https:\/\/www.bmp-production.de\/en\/wp-json\/wp\/v2\/posts\/6730\/revisions\/6853"}],"wp:featuredmedia":[{"embeddable":true,"href":"https:\/\/www.bmp-production.de\/en\/wp-json\/wp\/v2\/media\/6852"}],"wp:attachment":[{"href":"https:\/\/www.bmp-production.de\/en\/wp-json\/wp\/v2\/media?parent=6730"}],"wp:term":[{"taxonomy":"category","embeddable":true,"href":"https:\/\/www.bmp-production.de\/en\/wp-json\/wp\/v2\/categories?post=6730"},{"taxonomy":"post_tag","embeddable":true,"href":"https:\/\/www.bmp-production.de\/en\/wp-json\/wp\/v2\/tags?post=6730"}],"curies":[{"name":"wp","href":"https:\/\/api.w.org\/{rel}","templated":true}]}}